





{"id":6744,"date":"2021-10-04T08:29:08","date_gmt":"2021-10-04T08:29:08","guid":{"rendered":"https:\/\/akane.coop\/la-covid-fa-caure-un-37-les-peticions-dadopcio-internacional-a-catalunya\/"},"modified":"2022-06-02T15:12:09","modified_gmt":"2022-06-02T15:12:09","slug":"la-covid-hace-caer-un-37-las-peticiones-de-adopcion-internacional-en-cataluna","status":"publish","type":"post","link":"https:\/\/akane.coop\/es\/la-covid-hace-caer-un-37-las-peticiones-de-adopcion-internacional-en-cataluna\/","title":{"rendered":"La Covid hace caer un 37% las peticiones de adopci\u00f3n internacional en Catalu\u00f1a"},"content":{"rendered":"<p>La <strong>adopci\u00f3n de ni\u00f1os en Catalu\u00f1a<\/strong> es uno de los sectores que, como otros muchos, ha visto afectada su actividad por la pandemia. El golpe m\u00e1s fuerte se lo han llevado las <strong>adopciones internacionales<\/strong>, sobre todo por el hecho de implicar a dos pa\u00edses, con una ca\u00edda de las solicitudes de m\u00e1s del 37% respecto a 2019. Seg\u00fan datos del Institut Catal\u00e0 de l&#8217;Acolliment y de la Adopci\u00f3n (ICAA), en 2019 se registraron <strong>236 peticiones<\/strong>, mientras que <strong>en 2020 fueron 148<\/strong>. No ha ocurrido lo mismo con las adopciones nacionales, sin embargo, que s\u00f3lo han tenido 17 solicitudes menos que en 2019 (de 372 a 355). \u00abA pesar de la pandemia, los tr\u00e1mites en Catalu\u00f1a se han seguido haciendo con normalidad\u00bb, asegura en declaraciones a la ACN la directora del ICAA, Agn\u00e8s Russi\u00f1ol.<\/p>\n<p>Russi\u00f1ol ha se\u00f1alado que el baj\u00f3n en las adopciones internacionales es \u00absin duda\u00bb por el <a href=\"https:\/\/www.elnacional.cat\/ca\/salut\/espanya-supera-700-casos-covid-100000-habitants_575151_102.html\" target=\"_blank\" rel=\"noopener\">efecto de la pandemia<\/a>. El principal motivo, seg\u00fan la directora del ICAA, es que las familias han sido \u00abmuy conscientes\u00bb de las \u00abimplicaciones\u00bb que tiene poner en marcha un proceso internacional a largo plazo como este en medio de una <strong>crisis global<\/strong>. A esto hay que a\u00f1adir los costes econ\u00f3micos que tiene el proceso, que Russi\u00f1ol apunta a que en algunas decisiones pueden haber sido determinantes en un contexto de crisis econ\u00f3mica.<\/p>\n<p>Tambi\u00e9n es necesario tener en cuenta la tendencia a la baja a nivel mundial que en los \u00faltimos a\u00f1os ya se ha visto en este tipo de adopciones. Concretamente, en 2015 se recibieron 378 solicitudes, que se rebajaron a 320 en 2016, a 269 en 2017 y 266 en 2018. Con todo, la ca\u00edda de 2020 ha sido la m\u00e1s marcada de los \u00faltimos cinco a\u00f1os y tambi\u00e9n la que ha alcanzado niveles m\u00e1s bajos.<\/p>\n<p>&nbsp;<\/p>\n<p><strong><a href=\"https:\/\/akane.coop\/wp-content\/uploads\/2021\/10\/Aeroport_el_prat.jpeg\"><img loading=\"lazy\" decoding=\"async\" class=\"size-medium wp-image-6664 aligncenter\" src=\"https:\/\/akane.coop\/wp-content\/uploads\/2021\/10\/Aeroport_el_prat-300x300.jpeg\" alt=\"aeroport el prat\" width=\"300\" height=\"300\" srcset=\"https:\/\/akane.coop\/wp-content\/uploads\/2021\/10\/Aeroport_el_prat-300x300.jpeg 300w, https:\/\/akane.coop\/wp-content\/uploads\/2021\/10\/Aeroport_el_prat-150x150.jpeg 150w, https:\/\/akane.coop\/wp-content\/uploads\/2021\/10\/Aeroport_el_prat.jpeg 630w\" sizes=\"auto, (max-width: 300px) 100vw, 300px\" \/><\/a><\/strong><\/p>\n<h3>Afectaciones en el proceso<\/h3>\n<p>M\u00e1s all\u00e1 de la interpretaci\u00f3n de los efectos de la pandemia en el n\u00famero de solicitudes o asignaciones, el proceso de adopci\u00f3n se ha visto claramente afectado por el coronavirus y las <strong>restricciones<\/strong> que se han derivado. Russi\u00f1ol subraya que tuvieron que <strong>reinventar algunos de los tr\u00e1mites<\/strong>, como las entrevistas con la familia o las formaciones. El ICAA apost\u00f3 por un formato h\u00edbrido: todos los encuentros que por su naturaleza o tem\u00e1tica pudieran ser virtuales, pasaron a realizarse telem\u00e1ticamente. Otros, como la visita al domicilio o encuentros de car\u00e1cter m\u00e1s emocional, se mantuvieron presencialmente pero con todas las medidas sanitarias.<\/p>\n<p>Pero la adaptaci\u00f3n no fue tan f\u00e1cil en otras fases del proceso adoptivo. Russi\u00f1ol remarca que en algunos casos familias a las que ya se hab\u00eda asignado un ni\u00f1o y que ya hab\u00edan sido declarados sus padres adoptivos en una sentencia se encontraron que <strong>no pod\u00edan viajar al pa\u00eds de origen a buscar al hijo por las restricciones en la movilidad<\/strong> y cierre de aeropuertos. Es el caso de 17 familias a las que se les hab\u00eda asignado un ni\u00f1o antes del 13 de marzo pero que no pudieron ir a buscarlo. De estas 17, 15 finalmente ya han podido viajar y s\u00f3lo quedan dos pendientes, ambas esperando ir a China.<\/p>\n<p>En relaci\u00f3n a las asignaciones desde marzo, el ICAA detalla que se han hecho 46 nuevas, y 27 de \u00e9stas ya han podido realizar el viaje. Aunque quedan 19 pendientes, puede que sea por los plazos que los pa\u00edses de origen tienen establecidos en su reglamento de adopciones y no por las dificultades derivadas de la pandemia.<\/p>\n","protected":false},"excerpt":{"rendered":"<div class='heateorSssClear'><\/div><div  class='heateor_sss_sharing_container heateor_sss_horizontal_sharing' data-heateor-sss-href='https:\/\/akane.coop\/es\/la-covid-hace-caer-un-37-las-peticiones-de-adopcion-internacional-en-cataluna\/'><div class='heateor_sss_sharing_title' style=\"font-weight:bold\" >Comparteix<\/div><div class=\"heateor_sss_sharing_ul\"><a aria-label=\"Facebook\" class=\"heateor_sss_facebook\" href=\"https:\/\/www.facebook.com\/sharer\/sharer.php?u=https%3A%2F%2Fakane.coop%2Fes%2Fla-covid-hace-caer-un-37-las-peticiones-de-adopcion-internacional-en-cataluna%2F\" title=\"Facebook\" rel=\"nofollow noopener\" target=\"_blank\" style=\"font-size:32px!important;box-shadow:none;display:inline-block;vertical-align:middle\"><span class=\"heateor_sss_svg\" style=\"background-color:#0765FE;width:35px;height:35px;border-radius:999px;display:inline-block;opacity:1;float:left;font-size:32px;box-shadow:none;display:inline-block;font-size:16px;padding:0 4px;vertical-align:middle;background-repeat:repeat;overflow:hidden;padding:0;cursor:pointer;box-sizing:content-box\"><svg style=\"display:block;border-radius:999px;\" focusable=\"false\" aria-hidden=\"true\" xmlns=\"http:\/\/www.w3.org\/2000\/svg\" width=\"100%\" height=\"100%\" viewBox=\"0 0 32 32\"><path fill=\"#fff\" d=\"M28 16c0-6.627-5.373-12-12-12S4 9.373 4 16c0 5.628 3.875 10.35 9.101 11.647v-7.98h-2.474V16H13.1v-1.58c0-4.085 1.849-5.978 5.859-5.978.76 0 2.072.15 2.608.298v3.325c-.283-.03-.775-.045-1.386-.045-1.967 0-2.728.745-2.728 2.683V16h3.92l-.673 3.667h-3.247v8.245C23.395 27.195 28 22.135 28 16Z\"><\/path><\/svg><\/span><\/a><a aria-label=\"Twitter\" class=\"heateor_sss_button_twitter\" href=\"https:\/\/twitter.com\/intent\/tweet?text=La%20Covid%20hace%20caer%20un%2037%25%20las%20peticiones%20de%20adopci%C3%B3n%20internacional%20en%20Catalu%C3%B1a&url=https%3A%2F%2Fakane.coop%2Fes%2Fla-covid-hace-caer-un-37-las-peticiones-de-adopcion-internacional-en-cataluna%2F\" title=\"Twitter\" rel=\"nofollow noopener\" target=\"_blank\" style=\"font-size:32px!important;box-shadow:none;display:inline-block;vertical-align:middle\"><span class=\"heateor_sss_svg heateor_sss_s__default heateor_sss_s_twitter\" style=\"background-color:#55acee;width:35px;height:35px;border-radius:999px;display:inline-block;opacity:1;float:left;font-size:32px;box-shadow:none;display:inline-block;font-size:16px;padding:0 4px;vertical-align:middle;background-repeat:repeat;overflow:hidden;padding:0;cursor:pointer;box-sizing:content-box\"><svg style=\"display:block;border-radius:999px;\" focusable=\"false\" aria-hidden=\"true\" xmlns=\"http:\/\/www.w3.org\/2000\/svg\" width=\"100%\" height=\"100%\" viewBox=\"-4 -4 39 39\"><path d=\"M28 8.557a9.913 9.913 0 0 1-2.828.775 4.93 4.93 0 0 0 2.166-2.725 9.738 9.738 0 0 1-3.13 1.194 4.92 4.92 0 0 0-3.593-1.55 4.924 4.924 0 0 0-4.794 6.049c-4.09-.21-7.72-2.17-10.15-5.15a4.942 4.942 0 0 0-.665 2.477c0 1.71.87 3.214 2.19 4.1a4.968 4.968 0 0 1-2.23-.616v.06c0 2.39 1.7 4.38 3.952 4.83-.414.115-.85.174-1.297.174-.318 0-.626-.03-.928-.086a4.935 4.935 0 0 0 4.6 3.42 9.893 9.893 0 0 1-6.114 2.107c-.398 0-.79-.023-1.175-.068a13.953 13.953 0 0 0 7.55 2.213c9.056 0 14.01-7.507 14.01-14.013 0-.213-.005-.426-.015-.637.96-.695 1.795-1.56 2.455-2.55z\" fill=\"#fff\"><\/path><\/svg><\/span><\/a><a aria-label=\"Whatsapp\" class=\"heateor_sss_whatsapp\" href=\"https:\/\/api.whatsapp.com\/send?text=La%20Covid%20hace%20caer%20un%2037%25%20las%20peticiones%20de%20adopci%C3%B3n%20internacional%20en%20Catalu%C3%B1a%20https%3A%2F%2Fakane.coop%2Fes%2Fla-covid-hace-caer-un-37-las-peticiones-de-adopcion-internacional-en-cataluna%2F\" title=\"Whatsapp\" rel=\"nofollow noopener\" target=\"_blank\" style=\"font-size:32px!important;box-shadow:none;display:inline-block;vertical-align:middle\"><span class=\"heateor_sss_svg\" style=\"background-color:#55eb4c;width:35px;height:35px;border-radius:999px;display:inline-block;opacity:1;float:left;font-size:32px;box-shadow:none;display:inline-block;font-size:16px;padding:0 4px;vertical-align:middle;background-repeat:repeat;overflow:hidden;padding:0;cursor:pointer;box-sizing:content-box\"><svg style=\"display:block;border-radius:999px;\" focusable=\"false\" aria-hidden=\"true\" xmlns=\"http:\/\/www.w3.org\/2000\/svg\" width=\"100%\" height=\"100%\" viewBox=\"-6 -5 40 40\"><path class=\"heateor_sss_svg_stroke heateor_sss_no_fill\" stroke=\"#fff\" stroke-width=\"2\" fill=\"none\" d=\"M 11.579798566743314 24.396926207859085 A 10 10 0 1 0 6.808479557110079 20.73576436351046\"><\/path><path d=\"M 7 19 l -1 6 l 6 -1\" class=\"heateor_sss_no_fill heateor_sss_svg_stroke\" stroke=\"#fff\" stroke-width=\"2\" fill=\"none\"><\/path><path d=\"M 10 10 q -1 8 8 11 c 5 -1 0 -6 -1 -3 q -4 -3 -5 -5 c 4 -2 -1 -5 -1 -4\" fill=\"#fff\"><\/path><\/svg><\/span><\/a><a aria-label=\"Linkedin\" class=\"heateor_sss_button_linkedin\" href=\"https:\/\/www.linkedin.com\/sharing\/share-offsite\/?url=https%3A%2F%2Fakane.coop%2Fes%2Fla-covid-hace-caer-un-37-las-peticiones-de-adopcion-internacional-en-cataluna%2F\" title=\"Linkedin\" rel=\"nofollow noopener\" target=\"_blank\" style=\"font-size:32px!important;box-shadow:none;display:inline-block;vertical-align:middle\"><span class=\"heateor_sss_svg heateor_sss_s__default heateor_sss_s_linkedin\" style=\"background-color:#0077b5;width:35px;height:35px;border-radius:999px;display:inline-block;opacity:1;float:left;font-size:32px;box-shadow:none;display:inline-block;font-size:16px;padding:0 4px;vertical-align:middle;background-repeat:repeat;overflow:hidden;padding:0;cursor:pointer;box-sizing:content-box\"><svg style=\"display:block;border-radius:999px;\" focusable=\"false\" aria-hidden=\"true\" xmlns=\"http:\/\/www.w3.org\/2000\/svg\" width=\"100%\" height=\"100%\" viewBox=\"0 0 32 32\"><path d=\"M6.227 12.61h4.19v13.48h-4.19V12.61zm2.095-6.7a2.43 2.43 0 0 1 0 4.86c-1.344 0-2.428-1.09-2.428-2.43s1.084-2.43 2.428-2.43m4.72 6.7h4.02v1.84h.058c.56-1.058 1.927-2.176 3.965-2.176 4.238 0 5.02 2.792 5.02 6.42v7.395h-4.183v-6.56c0-1.564-.03-3.574-2.178-3.574-2.18 0-2.514 1.7-2.514 3.46v6.668h-4.187V12.61z\" fill=\"#fff\"><\/path><\/svg><\/span><\/a><a aria-label=\"Instagram\" class=\"heateor_sss_button_instagram\" href=\"https:\/\/www.instagram.com\/\" title=\"Instagram\" rel=\"nofollow noopener\" target=\"_blank\" style=\"font-size:32px!important;box-shadow:none;display:inline-block;vertical-align:middle\"><span class=\"heateor_sss_svg\" style=\"background-color:#53beee;width:35px;height:35px;border-radius:999px;display:inline-block;opacity:1;float:left;font-size:32px;box-shadow:none;display:inline-block;font-size:16px;padding:0 4px;vertical-align:middle;background-repeat:repeat;overflow:hidden;padding:0;cursor:pointer;box-sizing:content-box\"><svg style=\"display:block;border-radius:999px;\" version=\"1.1\" viewBox=\"-10 -10 148 148\" width=\"100%\" height=\"100%\" xml:space=\"preserve\" xmlns=\"http:\/\/www.w3.org\/2000\/svg\" xmlns:xlink=\"http:\/\/www.w3.org\/1999\/xlink\"><g><g><path d=\"M86,112H42c-14.336,0-26-11.663-26-26V42c0-14.337,11.664-26,26-26h44c14.337,0,26,11.663,26,26v44 C112,100.337,100.337,112,86,112z M42,24c-9.925,0-18,8.074-18,18v44c0,9.925,8.075,18,18,18h44c9.926,0,18-8.075,18-18V42 c0-9.926-8.074-18-18-18H42z\" fill=\"#fff\"><\/path><\/g><g><path d=\"M64,88c-13.234,0-24-10.767-24-24c0-13.234,10.766-24,24-24s24,10.766,24,24C88,77.233,77.234,88,64,88z M64,48c-8.822,0-16,7.178-16,16s7.178,16,16,16c8.822,0,16-7.178,16-16S72.822,48,64,48z\" fill=\"#fff\"><\/path><\/g><g><circle cx=\"89.5\" cy=\"38.5\" fill=\"#fff\" r=\"5.5\"><\/circle><\/g><\/g><\/svg><\/span><\/a><\/div><div class=\"heateorSssClear\"><\/div><\/div><div class='heateorSssClear'><\/div><p>La adopci\u00f3n de ni\u00f1os en Catalu\u00f1a es uno de los sectores que, como otros muchos, ha visto afectada su actividad por la pandemia. El golpe m\u00e1s fuerte se lo han llevado las adopciones internacionales, sobre todo por el hecho de implicar a dos pa\u00edses, con una ca\u00edda de las solicitudes<\/p>\n","protected":false},"author":4,"featured_media":6665,"comment_status":"closed","ping_status":"closed","sticky":false,"template":"","format":"standard","meta":{"footnotes":""},"categories":[49],"tags":[],"class_list":["post-6744","post","type-post","status-publish","format-standard","has-post-thumbnail","hentry","category-sin-categorizar","generate-columns","tablet-grid-50","mobile-grid-100","grid-parent","grid-33"],"jetpack_featured_media_url":"https:\/\/akane.coop\/wp-content\/uploads\/2021\/10\/Aeroport_el_prat.jpeg","_links":{"self":[{"href":"https:\/\/akane.coop\/es\/wp-json\/wp\/v2\/posts\/6744","targetHints":{"allow":["GET"]}}],"collection":[{"href":"https:\/\/akane.coop\/es\/wp-json\/wp\/v2\/posts"}],"about":[{"href":"https:\/\/akane.coop\/es\/wp-json\/wp\/v2\/types\/post"}],"author":[{"embeddable":true,"href":"https:\/\/akane.coop\/es\/wp-json\/wp\/v2\/users\/4"}],"replies":[{"embeddable":true,"href":"https:\/\/akane.coop\/es\/wp-json\/wp\/v2\/comments?post=6744"}],"version-history":[{"count":3,"href":"https:\/\/akane.coop\/es\/wp-json\/wp\/v2\/posts\/6744\/revisions"}],"predecessor-version":[{"id":6757,"href":"https:\/\/akane.coop\/es\/wp-json\/wp\/v2\/posts\/6744\/revisions\/6757"}],"wp:featuredmedia":[{"embeddable":true,"href":"https:\/\/akane.coop\/es\/wp-json\/wp\/v2\/media\/6665"}],"wp:attachment":[{"href":"https:\/\/akane.coop\/es\/wp-json\/wp\/v2\/media?parent=6744"}],"wp:term":[{"taxonomy":"category","embeddable":true,"href":"https:\/\/akane.coop\/es\/wp-json\/wp\/v2\/categories?post=6744"},{"taxonomy":"post_tag","embeddable":true,"href":"https:\/\/akane.coop\/es\/wp-json\/wp\/v2\/tags?post=6744"}],"curies":[{"name":"wp","href":"https:\/\/api.w.org\/{rel}","templated":true}]}}