





{"id":6747,"date":"2021-06-28T08:27:32","date_gmt":"2021-06-28T08:27:32","guid":{"rendered":"https:\/\/akane.coop\/what-is-lorem-ipsum\/"},"modified":"2022-06-02T15:26:37","modified_gmt":"2022-06-02T15:26:37","slug":"la-adopcion-una-eterna-carrera-de-obstaculos-agravada-por-la-covid","status":"publish","type":"post","link":"https:\/\/akane.coop\/es\/la-adopcion-una-eterna-carrera-de-obstaculos-agravada-por-la-covid\/","title":{"rendered":"La adopci\u00f3n, una eterna carrera de obst\u00e1culos agravada por la Covid."},"content":{"rendered":"<h3 id=\"m69-68-70\">La pandemia demor\u00f3 los tr\u00e1mites, el cierre de fronteras retras\u00f3 los vuelos de las 17 familias catalanas que iban a recoger a sus hijos y las solicitudes de adopci\u00f3n cayeron durante el confinamiento.<\/h3>\n<footer class=\"article-info\">\n<p id=\"m95-94-96\" class=\"signature\">PAULA ERICSSON<\/p>\n<p><a id=\"m553-1-554\" class=\"twitter undefined\" title=\"\" href=\"https:\/\/twitter.com\/paulaericsson_\" target=\"_blank\" rel=\"noopener\">@paulaericsson_<\/a><\/p>\n<\/footer>\n<div class=\"article-text\">\n<p id=\"m373-372-374\" class=\"pb-article-item-iteration\">Rosana Poza lleva una d\u00e9cada esperando ser madre. El pasado lunes, 20 de julio, cogi\u00f3 tres vuelos para llegar a Hait\u00ed, donde hace un a\u00f1o y medio que su hija de siete a\u00f1os espera salir del orfanato, su hogar desde que tiene un mes de vida. Poza ha pasado por una larga carrera de obst\u00e1culos durante su proceso de adopci\u00f3n, pero la pandemia ha alargado su llegada a la meta. Cuando los pa\u00edses cerraron sus fronteras y vio que deber\u00eda aguantar otros tres meses, ella no se dio por vencida. \u201cHe llegado a llamar a las compa\u00f1\u00edas de carga para ver si ten\u00edan vuelos que llegaban a Hait\u00ed y pod\u00eda subirme\u201d, reconoce a <em>P\u00fablico<\/em>.<\/p>\n<p>Poza es una de las <strong>17 familias en Catalu\u00f1a que deb\u00edan ir a buscar a sus hijos a sus pa\u00edses de origen antes de la llegada de la Covid-19<\/strong>. S\u00f3lo cuatro tienen vuelos asignados al cierre de esta edici\u00f3n. \u00abEstad\u00edsticamente quienes optan por la adopci\u00f3n han intentado ser padres biol\u00f3gicamente y hay un sufrimiento extra\u00bb, explica la directora del Instituto Catal\u00e1n del Acogimiento y de la Adopci\u00f3n (ICAA), <strong>Agn\u00e8s Russi\u00f1ol<\/strong>. \u201cLlegan a sus puertas cuando tienen a un ni\u00f1o asignado, en muchos casos ya son sus padres. S\u00f3lo les hace falta ir a buscarlos, y eso es tremendamente doloroso. Cada semana que pasa est\u00e1n m\u00e1s dolidos\u201d, lamenta.<\/p>\n<h2 id=\"m388-3-389\" class=\"highlighted\">Las dificultades antes de la Covid-19<\/h2>\n<p>Los procesos de adopci\u00f3n internacional eran ya complicados antes de la llegada del coronavirus. En primer lugar, la familia que quiera adoptar debe pasar por una valoraci\u00f3n psicosocial que determina si es id\u00f3nea para ser el hogar de un menor. Pero conseguir la idoneidad no siempre es un camino c\u00f3modo. \u201cQue hace 10 a\u00f1os lleguen a mi casa a ver c\u00f3mo vivo, y si tengo la habitaci\u00f3n preparada\u2026 es incluso cruel. Me pides que tenga una habitaci\u00f3n lista para una criatura que llegar\u00e1 10 a\u00f1os despu\u00e9s\u201d, denuncia Poza. Adem\u00e1s, en su caso tuvo que realizar los tr\u00e1mites dos veces: el proceso en Mal\u00ed se anul\u00f3 despu\u00e9s de tres a\u00f1os de espera, ya que el pa\u00eds cancel\u00f3 todas las adopciones internacionales cuando termin\u00f3 la Guerra Civil (2013), e inici\u00f3 otro en Hait\u00ed. Aunque tuvo que realizar los tr\u00e1mites legales dos veces, ya que cada estado tiene requisitos diferentes, Poza apunta que la idoneidad se actualiza cada tres a\u00f1os.<\/p>\n<p>Una vez se le da la idoneidad a la familia, la espera est\u00e1 en manos de los tr\u00e1mites y pa\u00edses donde est\u00e1n los ni\u00f1os que ser\u00e1n adoptados. Y aqu\u00ed es donde los factores internos y externos influyen, como la inestabilidad del pa\u00eds o una pandemia. Sin embargo, el recelo por parte de los Estados a reconocer que no pueden encargarse de sus propios menores es un punto clave en las dificultades de este trayecto. Seg\u00fan el director de Iniciativa Pro Infancia (IPI), <strong>Santi Llensa<\/strong>, \u00abla adopci\u00f3n internacional no es una medida muy popular\u00bb. \u201cEl pa\u00eds no tiene un inter\u00e9s demasiado especial en el que la adopci\u00f3n internacional salga a la luz. Como pol\u00edticos no quieren reconocer que el Estado no es capaz de dar salida local a estos ni\u00f1os\u201d, a\u00f1ade.<\/p>\n<p>A ese orgullo herido se le suman otras causas. En China, por ejemplo, la lista de espera es de 13 a\u00f1os. Para el presidente de la Asociaci\u00f3n de Familias Adoptantes de China (AFAC), <strong>Francesc Acero<\/strong>, Covid-19 no ha afectado a China \u00abpor la sencilla raz\u00f3n de que la adopci\u00f3n es inexistente\u00bb. Acero explica que antes la demora era de nueve meses, pero cuando se convirti\u00f3 en una primera potencia industrial mundial \u00abno quedaba bien que fuera el primer pa\u00eds del mundo que diera ni\u00f1os en adopci\u00f3n\u00bb.<\/p>\n<p>La adopci\u00f3n de menores con necesidades especiales s\u00ed se hace \u00abde forma inmediata\u00bb, pero Acero detalla que Espa\u00f1a no se caracteriza por adoptar ni\u00f1os con necesidades especiales, \u00abexcepto las familias homosexuales, que s\u00ed suelen hacerlo\u00bb. La falta de demanda de adopciones en el pa\u00eds asi\u00e1tico ha hecho que AFAC se haya reconvertido en una peque\u00f1a ONG que act\u00faa como centro de acogida de ni\u00f1os invidentes en <strong>Huli<\/strong> (en la provincia china de Xiamen).<\/p>\n<\/div>\n<p>Articulo completo: <a href=\"https:\/\/www.publico.es\/public\/l-adopcio-eterna-carrera-d-obstacles-agreujada-per-covid-19.html\">https:\/\/www.publico.es\/public\/l-adopcio-eterna-carrera-d-obstacles-agreujada-per-covid-19.html<\/a><\/p>\n<p>Publico.es<\/p>\n<p><a href=\"https:\/\/www.publico.es\/archive\/2020-07-25\">25\/07\/2020 20:15<\/a>\u00a0ACTUALIZADO:\u00a0<a href=\"https:\/\/www.publico.es\/archive\/2020-07-28\">28\/07\/2020 18:56<\/a><\/p>\n<p>Fotografia de Rosana Poza.<\/p>\n<p>&nbsp;<\/p>\n","protected":false},"excerpt":{"rendered":"<div class='heateorSssClear'><\/div><div  class='heateor_sss_sharing_container heateor_sss_horizontal_sharing' data-heateor-sss-href='https:\/\/akane.coop\/es\/la-adopcion-una-eterna-carrera-de-obstaculos-agravada-por-la-covid\/'><div class='heateor_sss_sharing_title' style=\"font-weight:bold\" >Comparteix<\/div><div class=\"heateor_sss_sharing_ul\"><a aria-label=\"Facebook\" class=\"heateor_sss_facebook\" href=\"https:\/\/www.facebook.com\/sharer\/sharer.php?u=https%3A%2F%2Fakane.coop%2Fes%2Fla-adopcion-una-eterna-carrera-de-obstaculos-agravada-por-la-covid%2F\" title=\"Facebook\" rel=\"nofollow noopener\" target=\"_blank\" style=\"font-size:32px!important;box-shadow:none;display:inline-block;vertical-align:middle\"><span class=\"heateor_sss_svg\" style=\"background-color:#0765FE;width:35px;height:35px;border-radius:999px;display:inline-block;opacity:1;float:left;font-size:32px;box-shadow:none;display:inline-block;font-size:16px;padding:0 4px;vertical-align:middle;background-repeat:repeat;overflow:hidden;padding:0;cursor:pointer;box-sizing:content-box\"><svg style=\"display:block;border-radius:999px;\" focusable=\"false\" aria-hidden=\"true\" xmlns=\"http:\/\/www.w3.org\/2000\/svg\" width=\"100%\" height=\"100%\" viewBox=\"0 0 32 32\"><path fill=\"#fff\" d=\"M28 16c0-6.627-5.373-12-12-12S4 9.373 4 16c0 5.628 3.875 10.35 9.101 11.647v-7.98h-2.474V16H13.1v-1.58c0-4.085 1.849-5.978 5.859-5.978.76 0 2.072.15 2.608.298v3.325c-.283-.03-.775-.045-1.386-.045-1.967 0-2.728.745-2.728 2.683V16h3.92l-.673 3.667h-3.247v8.245C23.395 27.195 28 22.135 28 16Z\"><\/path><\/svg><\/span><\/a><a aria-label=\"Twitter\" class=\"heateor_sss_button_twitter\" href=\"https:\/\/twitter.com\/intent\/tweet?text=La%20adopci%C3%B3n%2C%20una%20eterna%20carrera%20de%20obst%C3%A1culos%20agravada%20por%20la%20Covid.&url=https%3A%2F%2Fakane.coop%2Fes%2Fla-adopcion-una-eterna-carrera-de-obstaculos-agravada-por-la-covid%2F\" title=\"Twitter\" rel=\"nofollow noopener\" target=\"_blank\" style=\"font-size:32px!important;box-shadow:none;display:inline-block;vertical-align:middle\"><span class=\"heateor_sss_svg heateor_sss_s__default heateor_sss_s_twitter\" style=\"background-color:#55acee;width:35px;height:35px;border-radius:999px;display:inline-block;opacity:1;float:left;font-size:32px;box-shadow:none;display:inline-block;font-size:16px;padding:0 4px;vertical-align:middle;background-repeat:repeat;overflow:hidden;padding:0;cursor:pointer;box-sizing:content-box\"><svg style=\"display:block;border-radius:999px;\" focusable=\"false\" aria-hidden=\"true\" xmlns=\"http:\/\/www.w3.org\/2000\/svg\" width=\"100%\" height=\"100%\" viewBox=\"-4 -4 39 39\"><path d=\"M28 8.557a9.913 9.913 0 0 1-2.828.775 4.93 4.93 0 0 0 2.166-2.725 9.738 9.738 0 0 1-3.13 1.194 4.92 4.92 0 0 0-3.593-1.55 4.924 4.924 0 0 0-4.794 6.049c-4.09-.21-7.72-2.17-10.15-5.15a4.942 4.942 0 0 0-.665 2.477c0 1.71.87 3.214 2.19 4.1a4.968 4.968 0 0 1-2.23-.616v.06c0 2.39 1.7 4.38 3.952 4.83-.414.115-.85.174-1.297.174-.318 0-.626-.03-.928-.086a4.935 4.935 0 0 0 4.6 3.42 9.893 9.893 0 0 1-6.114 2.107c-.398 0-.79-.023-1.175-.068a13.953 13.953 0 0 0 7.55 2.213c9.056 0 14.01-7.507 14.01-14.013 0-.213-.005-.426-.015-.637.96-.695 1.795-1.56 2.455-2.55z\" fill=\"#fff\"><\/path><\/svg><\/span><\/a><a aria-label=\"Whatsapp\" class=\"heateor_sss_whatsapp\" href=\"https:\/\/api.whatsapp.com\/send?text=La%20adopci%C3%B3n%2C%20una%20eterna%20carrera%20de%20obst%C3%A1culos%20agravada%20por%20la%20Covid.%20https%3A%2F%2Fakane.coop%2Fes%2Fla-adopcion-una-eterna-carrera-de-obstaculos-agravada-por-la-covid%2F\" title=\"Whatsapp\" rel=\"nofollow noopener\" target=\"_blank\" style=\"font-size:32px!important;box-shadow:none;display:inline-block;vertical-align:middle\"><span class=\"heateor_sss_svg\" style=\"background-color:#55eb4c;width:35px;height:35px;border-radius:999px;display:inline-block;opacity:1;float:left;font-size:32px;box-shadow:none;display:inline-block;font-size:16px;padding:0 4px;vertical-align:middle;background-repeat:repeat;overflow:hidden;padding:0;cursor:pointer;box-sizing:content-box\"><svg style=\"display:block;border-radius:999px;\" focusable=\"false\" aria-hidden=\"true\" xmlns=\"http:\/\/www.w3.org\/2000\/svg\" width=\"100%\" height=\"100%\" viewBox=\"-6 -5 40 40\"><path class=\"heateor_sss_svg_stroke heateor_sss_no_fill\" stroke=\"#fff\" stroke-width=\"2\" fill=\"none\" d=\"M 11.579798566743314 24.396926207859085 A 10 10 0 1 0 6.808479557110079 20.73576436351046\"><\/path><path d=\"M 7 19 l -1 6 l 6 -1\" class=\"heateor_sss_no_fill heateor_sss_svg_stroke\" stroke=\"#fff\" stroke-width=\"2\" fill=\"none\"><\/path><path d=\"M 10 10 q -1 8 8 11 c 5 -1 0 -6 -1 -3 q -4 -3 -5 -5 c 4 -2 -1 -5 -1 -4\" fill=\"#fff\"><\/path><\/svg><\/span><\/a><a aria-label=\"Linkedin\" class=\"heateor_sss_button_linkedin\" href=\"https:\/\/www.linkedin.com\/sharing\/share-offsite\/?url=https%3A%2F%2Fakane.coop%2Fes%2Fla-adopcion-una-eterna-carrera-de-obstaculos-agravada-por-la-covid%2F\" title=\"Linkedin\" rel=\"nofollow noopener\" target=\"_blank\" style=\"font-size:32px!important;box-shadow:none;display:inline-block;vertical-align:middle\"><span class=\"heateor_sss_svg heateor_sss_s__default heateor_sss_s_linkedin\" style=\"background-color:#0077b5;width:35px;height:35px;border-radius:999px;display:inline-block;opacity:1;float:left;font-size:32px;box-shadow:none;display:inline-block;font-size:16px;padding:0 4px;vertical-align:middle;background-repeat:repeat;overflow:hidden;padding:0;cursor:pointer;box-sizing:content-box\"><svg style=\"display:block;border-radius:999px;\" focusable=\"false\" aria-hidden=\"true\" xmlns=\"http:\/\/www.w3.org\/2000\/svg\" width=\"100%\" height=\"100%\" viewBox=\"0 0 32 32\"><path d=\"M6.227 12.61h4.19v13.48h-4.19V12.61zm2.095-6.7a2.43 2.43 0 0 1 0 4.86c-1.344 0-2.428-1.09-2.428-2.43s1.084-2.43 2.428-2.43m4.72 6.7h4.02v1.84h.058c.56-1.058 1.927-2.176 3.965-2.176 4.238 0 5.02 2.792 5.02 6.42v7.395h-4.183v-6.56c0-1.564-.03-3.574-2.178-3.574-2.18 0-2.514 1.7-2.514 3.46v6.668h-4.187V12.61z\" fill=\"#fff\"><\/path><\/svg><\/span><\/a><a aria-label=\"Instagram\" class=\"heateor_sss_button_instagram\" href=\"https:\/\/www.instagram.com\/\" title=\"Instagram\" rel=\"nofollow noopener\" target=\"_blank\" style=\"font-size:32px!important;box-shadow:none;display:inline-block;vertical-align:middle\"><span class=\"heateor_sss_svg\" style=\"background-color:#53beee;width:35px;height:35px;border-radius:999px;display:inline-block;opacity:1;float:left;font-size:32px;box-shadow:none;display:inline-block;font-size:16px;padding:0 4px;vertical-align:middle;background-repeat:repeat;overflow:hidden;padding:0;cursor:pointer;box-sizing:content-box\"><svg style=\"display:block;border-radius:999px;\" version=\"1.1\" viewBox=\"-10 -10 148 148\" width=\"100%\" height=\"100%\" xml:space=\"preserve\" xmlns=\"http:\/\/www.w3.org\/2000\/svg\" xmlns:xlink=\"http:\/\/www.w3.org\/1999\/xlink\"><g><g><path d=\"M86,112H42c-14.336,0-26-11.663-26-26V42c0-14.337,11.664-26,26-26h44c14.337,0,26,11.663,26,26v44 C112,100.337,100.337,112,86,112z M42,24c-9.925,0-18,8.074-18,18v44c0,9.925,8.075,18,18,18h44c9.926,0,18-8.075,18-18V42 c0-9.926-8.074-18-18-18H42z\" fill=\"#fff\"><\/path><\/g><g><path d=\"M64,88c-13.234,0-24-10.767-24-24c0-13.234,10.766-24,24-24s24,10.766,24,24C88,77.233,77.234,88,64,88z M64,48c-8.822,0-16,7.178-16,16s7.178,16,16,16c8.822,0,16-7.178,16-16S72.822,48,64,48z\" fill=\"#fff\"><\/path><\/g><g><circle cx=\"89.5\" cy=\"38.5\" fill=\"#fff\" r=\"5.5\"><\/circle><\/g><\/g><\/svg><\/span><\/a><\/div><div class=\"heateorSssClear\"><\/div><\/div><div class='heateorSssClear'><\/div><p>La pandemia demor\u00f3 los tr\u00e1mites, el cierre de fronteras retras\u00f3 los vuelos de las 17 familias catalanas que iban a recoger a sus hijos y las solicitudes de adopci\u00f3n cayeron durante el confinamiento. PAULA ERICSSON @paulaericsson_ Rosana Poza lleva una d\u00e9cada esperando ser madre. El pasado lunes, 20 de julio,<\/p>\n","protected":false},"author":4,"featured_media":6395,"comment_status":"closed","ping_status":"closed","sticky":false,"template":"","format":"standard","meta":{"footnotes":""},"categories":[49],"tags":[],"class_list":["post-6747","post","type-post","status-publish","format-standard","has-post-thumbnail","hentry","category-sin-categorizar","generate-columns","tablet-grid-50","mobile-grid-100","grid-parent","grid-33"],"jetpack_featured_media_url":"https:\/\/akane.coop\/wp-content\/uploads\/2021\/06\/5f1999a0e1eb9.jpeg","_links":{"self":[{"href":"https:\/\/akane.coop\/es\/wp-json\/wp\/v2\/posts\/6747","targetHints":{"allow":["GET"]}}],"collection":[{"href":"https:\/\/akane.coop\/es\/wp-json\/wp\/v2\/posts"}],"about":[{"href":"https:\/\/akane.coop\/es\/wp-json\/wp\/v2\/types\/post"}],"author":[{"embeddable":true,"href":"https:\/\/akane.coop\/es\/wp-json\/wp\/v2\/users\/4"}],"replies":[{"embeddable":true,"href":"https:\/\/akane.coop\/es\/wp-json\/wp\/v2\/comments?post=6747"}],"version-history":[{"count":3,"href":"https:\/\/akane.coop\/es\/wp-json\/wp\/v2\/posts\/6747\/revisions"}],"predecessor-version":[{"id":6763,"href":"https:\/\/akane.coop\/es\/wp-json\/wp\/v2\/posts\/6747\/revisions\/6763"}],"wp:featuredmedia":[{"embeddable":true,"href":"https:\/\/akane.coop\/es\/wp-json\/wp\/v2\/media\/6395"}],"wp:attachment":[{"href":"https:\/\/akane.coop\/es\/wp-json\/wp\/v2\/media?parent=6747"}],"wp:term":[{"taxonomy":"category","embeddable":true,"href":"https:\/\/akane.coop\/es\/wp-json\/wp\/v2\/categories?post=6747"},{"taxonomy":"post_tag","embeddable":true,"href":"https:\/\/akane.coop\/es\/wp-json\/wp\/v2\/tags?post=6747"}],"curies":[{"name":"wp","href":"https:\/\/api.w.org\/{rel}","templated":true}]}}